{"@context":"http:\/\/schema.org","@type":"Article","author":{"@type":"Organization","logo":{"@type":"ImageObject","url":"https:\/\/www.hannover.de\/build\/images\/footer-logo-black.svg"},"name":"Hannover.de"},"dateCreated":"2025-04-16T16:14:31+02:00","dateModified":"2025-04-16T16:36:11+02:00","datePublished":"2025-04-16T16:14:31+02:00","headline":"Funkelndes Jubil\u00e4um \u2013 350 Jahre Herrenh\u00e4user G\u00e4rten","isAccessibleForFree":true,"publisher":{"@type":"Organization","logo":{"@type":"ImageObject","url":"https:\/\/www.hannover.de\/build\/images\/footer-logo-black.svg"},"name":"Hannover.de"},"mainEntityOfPage":{"@type":"WebPage","@id":"https:\/\/www.visit-hannover.com\/Presse\/Pressemitteilungen\/Aktuelle-Presseinformationen\/Funkelndes-Jubil\u00e4um-\u2013-350-Jahre-Herrenh\u00e4user-G\u00e4rten","breadcrumb":{"@type":"BreadcrumbList","itemListElement":[{"@type":"ListItem","item":{"@type":"WebPage","@id":"https:\/\/www.visit-hannover.com\/","name":"Visit Hannover"},"position":1},{"@type":"ListItem","item":{"@type":"WebPage","@id":"https:\/\/www.visit-hannover.com\/Presse","name":"Presse"},"position":2},{"@type":"ListItem","item":{"@type":"WebPage","@id":"https:\/\/www.visit-hannover.com\/Presse\/Pressemitteilungen","name":"Pressemitteilungen"},"position":3},{"@type":"ListItem","item":{"@type":"WebPage","@id":"https:\/\/www.visit-hannover.com\/Presse\/Pressemitteilungen\/Aktuelle-Presseinformationen","name":"Aktuelle Presseinformationen"},"position":4},{"@type":"ListItem","item":{"@type":"WebPage","@id":"https:\/\/www.visit-hannover.com\/Presse\/Pressemitteilungen\/Aktuelle-Presseinformationen\/Funkelndes-Jubil\u00e4um-\u2013-350-Jahre-Herrenh\u00e4user-G\u00e4rten","name":"Funkelndes Jubil\u00e4um \u2013 350 Jahre Herrenh\u00e4user G\u00e4rten"},"position":5}],"itemListOrder":"Ascending","numberOfItems":5},"name":"Funkelndes Jubil\u00e4um \u2013 350 Jahre Herrenh\u00e4user G\u00e4rten","url":"https:\/\/www.visit-hannover.com\/Presse\/Pressemitteilungen\/Aktuelle-Presseinformationen\/Funkelndes-Jubil\u00e4um-\u2013-350-Jahre-Herrenh\u00e4user-G\u00e4rten"},"name":"Funkelndes Jubil\u00e4um \u2013 350 Jahre Herrenh\u00e4user G\u00e4rten","url":"https:\/\/www.visit-hannover.com\/Presse\/Pressemitteilungen\/Aktuelle-Presseinformationen\/Funkelndes-Jubil\u00e4um-\u2013-350-Jahre-Herrenh\u00e4user-G\u00e4rten"}