{"@context":"http:\/\/schema.org","@type":"Article","author":{"@type":"Organization","logo":{"@type":"ImageObject","url":"https:\/\/www.hannover.de\/build\/images\/footer-logo-black.svg"},"name":"Hannover.de"},"dateCreated":"2018-07-31T16:52:55+02:00","dateModified":"2018-08-03T10:19:50+02:00","datePublished":"2018-07-31T16:52:55+02:00","headline":"Das Maschseefest 2018 ist er\u00f6ffnet! ","isAccessibleForFree":true,"publisher":{"@type":"Organization","logo":{"@type":"ImageObject","url":"https:\/\/www.hannover.de\/build\/images\/footer-logo-black.svg"},"name":"Hannover.de"},"mainEntityOfPage":{"@type":"WebPage","@id":"https:\/\/www.visit-hannover.com\/Presse\/Pressemitteilungen\/Archiv\/Pressemitteilungen-2018\/Das-Maschseefest-2018-ist-er\u00f6ffnet!","breadcrumb":{"@type":"BreadcrumbList","itemListElement":[{"@type":"ListItem","item":{"@type":"WebPage","@id":"https:\/\/www.visit-hannover.com\/","name":"Visit Hannover"},"position":1},{"@type":"ListItem","item":{"@type":"WebPage","@id":"https:\/\/www.visit-hannover.com\/Presse","name":"Presse"},"position":2},{"@type":"ListItem","item":{"@type":"WebPage","@id":"https:\/\/www.visit-hannover.com\/Presse\/Pressemitteilungen","name":"Pressemitteilungen"},"position":3},{"@type":"ListItem","item":{"@type":"WebPage","@id":"https:\/\/www.visit-hannover.com\/Presse\/Pressemitteilungen\/Archiv","name":"Archiv"},"position":4},{"@type":"ListItem","item":{"@type":"WebPage","@id":"https:\/\/www.visit-hannover.com\/Presse\/Pressemitteilungen\/Archiv\/Pressemitteilungen-2018","name":"Pressemitteilungen 2018"},"position":5},{"@type":"ListItem","item":{"@type":"WebPage","@id":"https:\/\/www.visit-hannover.com\/Presse\/Pressemitteilungen\/Archiv\/Pressemitteilungen-2018\/Das-Maschseefest-2018-ist-er\u00f6ffnet!","name":"Das Maschseefest 2018 ist er\u00f6ffnet! "},"position":6}],"itemListOrder":"Ascending","numberOfItems":6},"name":"Das Maschseefest 2018 ist er\u00f6ffnet! ","url":"https:\/\/www.visit-hannover.com\/Presse\/Pressemitteilungen\/Archiv\/Pressemitteilungen-2018\/Das-Maschseefest-2018-ist-er\u00f6ffnet!"},"name":"Das Maschseefest 2018 ist er\u00f6ffnet! ","url":"https:\/\/www.visit-hannover.com\/Presse\/Pressemitteilungen\/Archiv\/Pressemitteilungen-2018\/Das-Maschseefest-2018-ist-er\u00f6ffnet!"}